{"id":1724,"date":"2025-06-28T09:06:48","date_gmt":"2025-06-28T09:06:48","guid":{"rendered":"https:\/\/germinale.art\/2024\/?post_type=luoghi-post&#038;p=1724"},"modified":"2025-06-28T10:53:17","modified_gmt":"2025-06-28T10:53:17","slug":"chiesa-di-san-pietro-portacomaro-at","status":"publish","type":"luoghi-post","link":"https:\/\/germinale.art\/2024\/portfolio-collections\/recent-works\/chiesa-di-san-pietro-portacomaro-at\/","title":{"rendered":"Chiesa di San Pietro \u2022 PORTACOMARO (AT)"},"content":{"rendered":"\n<p>Viale A. Degiani 16., lato viale alberato, Portacomaro (AT)<\/p>\n\n\n\n<p>La chiesa di San Pietro, costruita intorno all\u2019anno 1130 e collocata ai margini dell\u2019abitato, si affaccia su un piccolo sagrato, in posizione elevata rispetto alla strada.<br>La pianta \u00e8 rettangolare e lo stile romanico-longobardo con tetto \u201ca capanna\u201d. Nel 1583 San Pietro divent\u00f2 chiesa cimiteriale ma nel 1910 il cimitero venne chiuso, le salme traslate nell\u2019attuale cimitero e la chiesa privata delle maggior parte delle lapidi che erano murate sui suoi fianchi e sconsacrata.<br>Nel Presbiterio sono presenti pregevoli affreschi riconducibili alla fine del Quattrocento.<br>Sulla parete centrale dietro l\u2019altare \u00e8 dipinta una crocifissione con la Vergine e San Giovanni Evangelista ai lati della croce, opera di buona fattura e di forte impatto emotivo. A sinistra sono raffigurati Santa Lucia e San Pietro, mentre sulla destra \u00e8 raffigurato San Giovanni Battista.<br>Sulla parete sud \u00e8 rappresentato il martirio di San Sebastiano datato 1406 e attribuito a \u201cAntonij De Pilis\u201d pittore attivo nell\u2019Astigiano del Quattrocento: risulta attivo a San Sebastiano e Fabiano a Scandeluzza, a Viatosto e nella collegiata di Asti. A fianco di San Sebastiano \u00e8 raffigurato San Antonio Abate patriarca del monachesimo.<br>Nel 1968 la Chiesa venne inglobata nella propriet\u00e0 privata situata a fianco di essa, mentre dal 2000 \u00e8 affidata in comodato gratuito al comune di Portacomaro che ha provveduto a interventi di consolidamento e al restauro delle coperture, delle vie d\u2019accesso e delle pitture, curandone la manutenzione e l\u2019apertura al pubblico.<\/p>\n\n\n\n<p><a href=\"http:\/\/www.turismoincollina.it\/scopri\/chiese-romaniche-tra-po-e-monferrato\/san-pietro-portacomaro\/\" target=\"_blank\" rel=\"noreferrer noopener\">www.turismoincollina.it\/scopri\/chiese-romaniche-tra-po-e-monferrato\/san-pietro-portacomaro\/<\/a><br>Info: +39 348 3540955 \/ +39 347 5480310<\/p>\n","protected":false},"featured_media":1723,"template":"","meta":{"site-sidebar-layout":"default","site-content-layout":"","ast-site-content-layout":"","site-content-style":"default","site-sidebar-style":"default","ast-global-header-display":"","ast-banner-title-visibility":"","ast-main-header-display":"","ast-hfb-above-header-display":"","ast-hfb-below-header-display":"","ast-hfb-mobile-header-display":"","site-post-title":"","ast-breadcrumbs-content":"","ast-featured-img":"","footer-sml-layout":"","theme-transparent-header-meta":"","adv-header-id-meta":"","stick-header-meta":"","header-above-stick-meta":"","header-main-stick-meta":"","header-below-stick-meta":"","astra-migrate-meta-layouts":"default","ast-page-background-enabled":"default","ast-page-background-meta":{"desktop":{"background-color":"var(--ast-global-color-5)","background-image":"","background-repeat":"repeat","background-position":"center center","background-size":"auto","background-attachment":"scroll","background-type":"","background-media":"","overlay-type":"","overlay-color":"","overlay-opacity":"","overlay-gradient":""},"tablet":{"background-color":"","background-image":"","background-repeat":"repeat","background-position":"center center","background-size":"auto","background-attachment":"scroll","background-type":"","background-media":"","overlay-type":"","overlay-color":"","overlay-opacity":"","overlay-gradient":""},"mobile":{"background-color":"","background-image":"","background-repeat":"repeat","background-position":"center center","background-size":"auto","background-attachment":"scroll","background-type":"","background-media":"","overlay-type":"","overlay-color":"","overlay-opacity":"","overlay-gradient":""}},"ast-content-background-meta":{"desktop":{"background-color":"var(--ast-global-color-4)","background-image":"","background-repeat":"repeat","background-position":"center center","background-size":"auto","background-attachment":"scroll","background-type":"","background-media":"","overlay-type":"","overlay-color":"","overlay-opacity":"","overlay-gradient":""},"tablet":{"background-color":"var(--ast-global-color-4)","background-image":"","background-repeat":"repeat","background-position":"center center","background-size":"auto","background-attachment":"scroll","background-type":"","background-media":"","overlay-type":"","overlay-color":"","overlay-opacity":"","overlay-gradient":""},"mobile":{"background-color":"var(--ast-global-color-4)","background-image":"","background-repeat":"repeat","background-position":"center center","background-size":"auto","background-attachment":"scroll","background-type":"","background-media":"","overlay-type":"","overlay-color":"","overlay-opacity":"","overlay-gradient":""}}},"class_list":["post-1724","luoghi-post","type-luoghi-post","status-publish","has-post-thumbnail","hentry"],"jetpack_sharing_enabled":true,"_links":{"self":[{"href":"https:\/\/germinale.art\/2024\/wp-json\/wp\/v2\/luoghi-post\/1724","targetHints":{"allow":["GET"]}}],"collection":[{"href":"https:\/\/germinale.art\/2024\/wp-json\/wp\/v2\/luoghi-post"}],"about":[{"href":"https:\/\/germinale.art\/2024\/wp-json\/wp\/v2\/types\/luoghi-post"}],"wp:featuredmedia":[{"embeddable":true,"href":"https:\/\/germinale.art\/2024\/wp-json\/wp\/v2\/media\/1723"}],"wp:attachment":[{"href":"https:\/\/germinale.art\/2024\/wp-json\/wp\/v2\/media?parent=1724"}],"curies":[{"name":"wp","href":"https:\/\/api.w.org\/{rel}","templated":true}]}}