{"id":2305,"date":"2025-06-29T20:06:45","date_gmt":"2025-06-29T20:06:45","guid":{"rendered":"https:\/\/germinale.art\/2024\/?post_type=artisti-post&#038;p=2305"},"modified":"2025-06-29T20:06:45","modified_gmt":"2025-06-29T20:06:45","slug":"paolo-grassino","status":"publish","type":"artisti-post","link":"https:\/\/germinale.art\/2024\/artisti\/paolo-grassino\/","title":{"rendered":"PAOLO GRASSINO"},"content":{"rendered":"\n<p><em><strong>Cardiaco<\/strong><\/em>&nbsp;\u00e8 un gigantesco cuore nero che pare sia stato estirpato da uno di quei monumentali ritratti costantiniani del IV secolo.&nbsp;<\/p>\n\n\n\n<p>C\u2019\u00e8 sempre, in chi lo voglia cercare, un elemento di ambiguit\u00e0 e di ambivalenza in alcune opere di&nbsp;<strong>Paolo Grassino<\/strong>.&nbsp;<em>Cardiaco<\/em>&nbsp;sembra enfatizzare in maniera parossistica il significato sacrificale di questo elemento, che diventa&nbsp;<em>\u00abSacr\u00e9Coeur\u00bb<\/em>&nbsp;laico.&nbsp;<\/p>\n\n\n\n<p>Un cuore nero, come l\u2019\u00abatrabile\u00bb che l\u2019antica medicina ippocratica attribuiva ai melanconici perch\u00e9, spiega l\u2019artista, \u00abil nero esiste prima e dopo la luce, prima e dopo la materia, prima e dopo il tempo. Il nero \u00e8 l\u2019opposto della superficie. Il nero \u00e8 dove niente si riflette ma dove tutto si eclissa. Il nero \u00e8 pi\u00f9 denso di tutte le verit\u00e0. Il nero \u00e8 protesta senza bandiere\u00bb.&nbsp;<\/p>\n\n\n\n<p>\u00c8 un cuore cavo, riarso come un guscio, che non batte ma produce un suono di laica campana se si sollecita il metallo di cui \u00e8 costituito: le \u00abspire\u00bb prodotte dalla fusione, visibili all\u2019interno, rimandano echi, cos\u00ec come un fossile, una rovina, continua a parlarci nel momento in cui sollecita la memoria. &nbsp;<\/p>\n\n\n\n<p>(Franco Fanelli \u201cIncursioni\u201d, 2023)<\/p>\n\n\n\n<p><strong>CARDIACO<\/strong>, 2006, Fusione in alluminio patinato, 157 x 220 x 145 cm<\/p>\n\n\n\n<p><strong>Paolo Grassino (Torino, 1967)&nbsp;<\/strong>Dal 1988 espone in mostre personali e collettive e dal 1991 compie il suo percorso di studi all\u2019Accademia Albertina di Torino. Nel 2000 la GAM di Torino gli dedica una mostra personale. Nel 2008 espone una personale al Museo di Saint-Etienne e partecipa alla XV Quadriennale d\u2019Arte a Roma; nel 2011 espone in una sala personale al MACRO di Roma e partecipa alla Quarta Biennale di Mosca. Le sue opere sono presenti al Frost Art Museum di Miami e presso il Loft Project ETAGI di San Pietroburgo.&nbsp;<\/p>\n\n\n\n<p>\u0400 invitato nel 2012 al Beaufort 04 Triennial of Contemporary Art by the Sea di Ostenda e nel 2013 l&#8217;IIC di Madrid gli dedica una mostra personale. Nel 2013 \u00e8 pubblicato un volume edito da Skira, presentato in occasione della mostra personale&nbsp;<em>Percorso in tre atti<\/em>&nbsp;negli spazi di Milano al Centro d\u2019arte contemporanea Luigi Pecci. Nel 2017 espone una personale alla Casa Fiat de Cultura di Belo Horizonte. Nel 2019 realizza una grande retrospettiva personalee nelle sale storiche di Palazzo Saluzzo Paesana di Torino e partecipa alla mostra tematica&nbsp;<em>Disturbing Narrative<\/em>&nbsp;nelle sale del Parkview Museum di Singapore. Nel 2021 prende parte alla mostra itinerante&nbsp;<em>La via della seta. Arte e artisti contemporanei dall\u2019Italia&nbsp;<\/em>organizzata dalla Farnesina. Nel 2023 \u00e8 invitato alla Terza Biennale Diffusa di Pinerolo e realizza una mostra personale dal titolo&nbsp;<em>Incursioni<\/em>&nbsp;con la curatela di Franco Fanelli nella storica Cavallerizza Caprilli e nei luoghi pi\u00f9 significativi della citt\u00e0.&nbsp;<\/p>\n\n\n\n<p>\u0400 stato docente del Corso di Scultura e del Corso di Plastica Ornamentale nelle Accademie di Belle Arti di Carrara, Palermo e poi Brera e attualmente insegna a Torino.<\/p>\n\n\n\n<p>\u200b&nbsp;@paolograssino&nbsp;<\/p>\n","protected":false},"featured_media":2306,"template":"","meta":{"site-sidebar-layout":"default","site-content-layout":"","ast-site-content-layout":"","site-content-style":"default","site-sidebar-style":"default","ast-global-header-display":"","ast-banner-title-visibility":"","ast-main-header-display":"","ast-hfb-above-header-display":"","ast-hfb-below-header-display":"","ast-hfb-mobile-header-display":"","site-post-title":"","ast-breadcrumbs-content":"","ast-featured-img":"","footer-sml-layout":"","theme-transparent-header-meta":"","adv-header-id-meta":"","stick-header-meta":"","header-above-stick-meta":"","header-main-stick-meta":"","header-below-stick-meta":"","astra-migrate-meta-layouts":"default","ast-page-background-enabled":"default","ast-page-background-meta":{"desktop":{"background-color":"var(--ast-global-color-5)","background-image":"","background-repeat":"repeat","background-position":"center center","background-size":"auto","background-attachment":"scroll","background-type":"","background-media":"","overlay-type":"","overlay-color":"","overlay-opacity":"","overlay-gradient":""},"tablet":{"background-color":"","background-image":"","background-repeat":"repeat","background-position":"center center","background-size":"auto","background-attachment":"scroll","background-type":"","background-media":"","overlay-type":"","overlay-color":"","overlay-opacity":"","overlay-gradient":""},"mobile":{"background-color":"","background-image":"","background-repeat":"repeat","background-position":"center center","background-size":"auto","background-attachment":"scroll","background-type":"","background-media":"","overlay-type":"","overlay-color":"","overlay-opacity":"","overlay-gradient":""}},"ast-content-background-meta":{"desktop":{"background-color":"var(--ast-global-color-4)","background-image":"","background-repeat":"repeat","background-position":"center center","background-size":"auto","background-attachment":"scroll","background-type":"","background-media":"","overlay-type":"","overlay-color":"","overlay-opacity":"","overlay-gradient":""},"tablet":{"background-color":"var(--ast-global-color-4)","background-image":"","background-repeat":"repeat","background-position":"center center","background-size":"auto","background-attachment":"scroll","background-type":"","background-media":"","overlay-type":"","overlay-color":"","overlay-opacity":"","overlay-gradient":""},"mobile":{"background-color":"var(--ast-global-color-4)","background-image":"","background-repeat":"repeat","background-position":"center center","background-size":"auto","background-attachment":"scroll","background-type":"","background-media":"","overlay-type":"","overlay-color":"","overlay-opacity":"","overlay-gradient":""}}},"class_list":["post-2305","artisti-post","type-artisti-post","status-publish","has-post-thumbnail","hentry"],"jetpack_sharing_enabled":true,"_links":{"self":[{"href":"https:\/\/germinale.art\/2024\/wp-json\/wp\/v2\/artisti-post\/2305","targetHints":{"allow":["GET"]}}],"collection":[{"href":"https:\/\/germinale.art\/2024\/wp-json\/wp\/v2\/artisti-post"}],"about":[{"href":"https:\/\/germinale.art\/2024\/wp-json\/wp\/v2\/types\/artisti-post"}],"wp:featuredmedia":[{"embeddable":true,"href":"https:\/\/germinale.art\/2024\/wp-json\/wp\/v2\/media\/2306"}],"wp:attachment":[{"href":"https:\/\/germinale.art\/2024\/wp-json\/wp\/v2\/media?parent=2305"}],"curies":[{"name":"wp","href":"https:\/\/api.w.org\/{rel}","templated":true}]}}